{"id":275,"date":"2019-07-10T17:22:04","date_gmt":"2019-07-10T17:22:04","guid":{"rendered":"http:\/\/kbv-nordstern-ostbense.de\/?p=275"},"modified":"2019-07-11T17:26:17","modified_gmt":"2019-07-11T17:26:17","slug":"radtour-am-18-08-2019","status":"publish","type":"post","link":"http:\/\/kbv-nordstern-ostbense.de\/?p=275","title":{"rendered":"Radtour am 18.08.2019"},"content":{"rendered":"\n<p>Am Sonntag, 18. August 2019 ab 9.00 Uhr, findet unsere beliebte Fahrradtour mit anschlie\u00dfenden Grillen beim Vereinsheim statt. G\u00e4ste und Freunde sind herzlich willkommen. <\/p>\n\n\n\n<p>Beginnen wollen wir die Radtour mit einem reichhaltigen Fr\u00fchst\u00fcck in der Jugendherberge in Esens um 9.00 Uhr. Danach begeben wir uns durch die Felder auf den Weg nach Werdum. Ab  16.30 Uhr treffen wir dann wieder am Vereinsheim in Hartward ein, um beim geselligen Grillen und Feiern den Tag auszuklingen zu lassen.<\/p>\n\n\n\n<p>In Werdum stehen dann ein Strassenflohmarkt, der Haustierpark, die Brauerei und weiteres zur Auswahl.<\/p>\n\n\n\n<p>Zur Planung ist es erforderlich sich bis zum 10.08.2019 <strong>verbindlich<\/strong> bei Marion Emken unter <strong>04971-912291<\/strong> anzumelden (f\u00fcr das Fr\u00fchst\u00fcck in der Jugendherberge).    <\/p>\n\n\n\n<p><\/p>\n","protected":false},"excerpt":{"rendered":"<p>Am Sonntag, 18. August 2019 ab 9.00 Uhr, findet unsere beliebte Fahrradtour mit anschlie\u00dfenden Grillen beim Vereinsheim statt. G\u00e4ste und Freunde sind herzlich willkommen. Beginnen wollen wir die Radtour mit einem reichhaltigen Fr\u00fchst\u00fcck in der Jugendherberge in Esens um 9.00 Uhr. Danach begeben wir uns durch die Felder auf den Weg nach Werdum. Ab 16.30 &hellip; <\/p>\n<p class=\"link-more\"><a href=\"http:\/\/kbv-nordstern-ostbense.de\/?p=275\" class=\"more-link\"><span class=\"screen-reader-text\">\u201eRadtour am 18.08.2019\u201c <\/span>weiterlesen<\/a><\/p>\n","protected":false},"author":1,"featured_media":0,"comment_status":"closed","ping_status":"open","sticky":false,"template":"","format":"standard","meta":{"footnotes":""},"categories":[1],"tags":[],"class_list":["post-275","post","type-post","status-publish","format-standard","hentry","category-ergebnisdienst-des-kv8-esens"],"_links":{"self":[{"href":"http:\/\/kbv-nordstern-ostbense.de\/index.php?rest_route=\/wp\/v2\/posts\/275","targetHints":{"allow":["GET"]}}],"collection":[{"href":"http:\/\/kbv-nordstern-ostbense.de\/index.php?rest_route=\/wp\/v2\/posts"}],"about":[{"href":"http:\/\/kbv-nordstern-ostbense.de\/index.php?rest_route=\/wp\/v2\/types\/post"}],"author":[{"embeddable":true,"href":"http:\/\/kbv-nordstern-ostbense.de\/index.php?rest_route=\/wp\/v2\/users\/1"}],"replies":[{"embeddable":true,"href":"http:\/\/kbv-nordstern-ostbense.de\/index.php?rest_route=%2Fwp%2Fv2%2Fcomments&post=275"}],"version-history":[{"count":4,"href":"http:\/\/kbv-nordstern-ostbense.de\/index.php?rest_route=\/wp\/v2\/posts\/275\/revisions"}],"predecessor-version":[{"id":280,"href":"http:\/\/kbv-nordstern-ostbense.de\/index.php?rest_route=\/wp\/v2\/posts\/275\/revisions\/280"}],"wp:attachment":[{"href":"http:\/\/kbv-nordstern-ostbense.de\/index.php?rest_route=%2Fwp%2Fv2%2Fmedia&parent=275"}],"wp:term":[{"taxonomy":"category","embeddable":true,"href":"http:\/\/kbv-nordstern-ostbense.de\/index.php?rest_route=%2Fwp%2Fv2%2Fcategories&post=275"},{"taxonomy":"post_tag","embeddable":true,"href":"http:\/\/kbv-nordstern-ostbense.de\/index.php?rest_route=%2Fwp%2Fv2%2Ftags&post=275"}],"curies":[{"name":"wp","href":"https:\/\/api.w.org\/{rel}","templated":true}]}}