{"id":282,"date":"2019-08-22T17:53:50","date_gmt":"2019-08-22T17:53:50","guid":{"rendered":"http:\/\/kbv-nordstern-ostbense.de\/?p=282"},"modified":"2019-08-22T09:00:41","modified_gmt":"2019-08-22T09:00:41","slug":"rueckblick-zur-radtour-am-18-08-2019","status":"publish","type":"post","link":"http:\/\/kbv-nordstern-ostbense.de\/?p=282","title":{"rendered":"R\u00fcckblick zur Radtour am 18.08.2019"},"content":{"rendered":"\n<p>Bei regnerischem Wetter haben sich 43 Personen mit einem reichhaltigen Fr\u00fchst\u00fcck in der Jugendherberge in Esens gest\u00e4rkt. <\/p>\n\n\n\n<p>Durch die gro\u00dfe Auswahl hat jeder das f\u00fcr sich richtige Fr\u00fchst\u00fcck gefunden. Einige unserer Vereinskameraden haben des \u00d6fteren das Buffet besucht und immer wieder neue Sachen entdeckt. <\/p>\n\n\n\n<p>Nachdem der Regen sich verzogen hat, haben sich 26 Personen mit den R\u00e4dern auf den Weg in Richtung Werdum gemacht. Bei der ersten Pause am Spielplatz in Thunum haben wir auch Familie Thiel wieder aufgenommen. An der Werdumer Kreuzung stie\u00dfen dann Heiko, Karin und Bianca wieder dazu. <\/p>\n\n\n\n<p>In Werdum angekommen teilte sich die Gruppe in kleinere Gr\u00fcppchen. Die einen besuchten den Flohmarkt, die anderen besetzten die Brauerei oder spielten Minigolf am Haus des Gastes.<\/p>\n\n\n\n<p>Um 15 Uhr haben wir dann die R\u00fcckfahrt nach Hartward angetreten.<\/p>\n\n\n\n<p>Dort warteten bereits die vorbereiteten Grills und einige Salate darauf, verzehrt zu werden. Hier kamen dann auch einige der Mitglieder wieder zur Gruppe zur\u00fcck, die die Fahrradtour ausgelassen haben. <\/p>\n\n\n\n<p>Nach einigen Bierchen und ein paar Schn\u00e4psen, sind trotzdem alle heile Zuhause angekommen.<br>Wir hatten einen tollen Tag, an dem auch das Wetter mitgespielt hat.<\/p>\n\n\n\n<p><\/p>\n","protected":false},"excerpt":{"rendered":"<p>Bei regnerischem Wetter haben sich 43 Personen mit einem reichhaltigen Fr\u00fchst\u00fcck in der Jugendherberge in Esens gest\u00e4rkt. Durch die gro\u00dfe Auswahl hat jeder das f\u00fcr sich richtige Fr\u00fchst\u00fcck gefunden. Einige unserer Vereinskameraden haben des \u00d6fteren das Buffet besucht und immer wieder neue Sachen entdeckt. Nachdem der Regen sich verzogen hat, haben sich 26 Personen mit &hellip; <\/p>\n<p class=\"link-more\"><a href=\"http:\/\/kbv-nordstern-ostbense.de\/?p=282\" class=\"more-link\"><span class=\"screen-reader-text\">\u201eR\u00fcckblick zur Radtour am 18.08.2019\u201c <\/span>weiterlesen<\/a><\/p>\n","protected":false},"author":2,"featured_media":0,"comment_status":"open","ping_status":"closed","sticky":false,"template":"","format":"standard","meta":{"footnotes":""},"categories":[5],"tags":[13,15,14,12],"class_list":["post-282","post","type-post","status-publish","format-standard","hentry","category-aktuelles","tag-august","tag-fruehstueck","tag-grillen","tag-radtour"],"_links":{"self":[{"href":"http:\/\/kbv-nordstern-ostbense.de\/index.php?rest_route=\/wp\/v2\/posts\/282","targetHints":{"allow":["GET"]}}],"collection":[{"href":"http:\/\/kbv-nordstern-ostbense.de\/index.php?rest_route=\/wp\/v2\/posts"}],"about":[{"href":"http:\/\/kbv-nordstern-ostbense.de\/index.php?rest_route=\/wp\/v2\/types\/post"}],"author":[{"embeddable":true,"href":"http:\/\/kbv-nordstern-ostbense.de\/index.php?rest_route=\/wp\/v2\/users\/2"}],"replies":[{"embeddable":true,"href":"http:\/\/kbv-nordstern-ostbense.de\/index.php?rest_route=%2Fwp%2Fv2%2Fcomments&post=282"}],"version-history":[{"count":3,"href":"http:\/\/kbv-nordstern-ostbense.de\/index.php?rest_route=\/wp\/v2\/posts\/282\/revisions"}],"predecessor-version":[{"id":285,"href":"http:\/\/kbv-nordstern-ostbense.de\/index.php?rest_route=\/wp\/v2\/posts\/282\/revisions\/285"}],"wp:attachment":[{"href":"http:\/\/kbv-nordstern-ostbense.de\/index.php?rest_route=%2Fwp%2Fv2%2Fmedia&parent=282"}],"wp:term":[{"taxonomy":"category","embeddable":true,"href":"http:\/\/kbv-nordstern-ostbense.de\/index.php?rest_route=%2Fwp%2Fv2%2Fcategories&post=282"},{"taxonomy":"post_tag","embeddable":true,"href":"http:\/\/kbv-nordstern-ostbense.de\/index.php?rest_route=%2Fwp%2Fv2%2Ftags&post=282"}],"curies":[{"name":"wp","href":"https:\/\/api.w.org\/{rel}","templated":true}]}}