{"id":369,"date":"2021-09-06T08:32:14","date_gmt":"2021-09-06T08:32:14","guid":{"rendered":"http:\/\/kbv-nordstern-ostbense.de\/?p=369"},"modified":"2021-09-06T10:07:48","modified_gmt":"2021-09-06T10:07:48","slug":"jahreshaupversammlung-am-17-09-2021-ab-19-30-uhr-2","status":"publish","type":"post","link":"http:\/\/kbv-nordstern-ostbense.de\/?p=369","title":{"rendered":"Jahreshaupversammlung am 17.09.2021 ab 19.30 Uhr"},"content":{"rendered":"<p>Liebe Vereinsmitglieder,<\/p>\n<p>im letzten Jahr konnten wir aus bekannten Gr\u00fcnden keine Versammlung durchf\u00fchren.<br \/>\nIn diesem Jahr sieht es inzwischen wieder etwas besser aus.<\/p>\n<p>Geplant ist die Versammlung f\u00fcr den 17.09.2021.<\/p>\n<p>Tagesordnung hat sich zur Versammlung vom letzten Jahr nicht ver\u00e4ndert!<br \/>\n1. Er\u00f6ffnung und Begr\u00fc\u00dfung<br \/>\n2. Feststellung der Stimmberechtigten<br \/>\n3. Verlesen und Genehmigung des letztj\u00e4hrigen Protokolls<br \/>\n4. Rechenschaftsberichte<br \/>\na. Jahresbericht des 1. Vorsitzenden<br \/>\nb. Bericht vom Bosselobmann<br \/>\nc. Bericht der Damenwartin<br \/>\n5. Kassenbericht<br \/>\n6. Bericht der Kassenpr\u00fcfer<br \/>\n7. Entlastung des Vorstandes<br \/>\n8. Neufassung der Satzung<br \/>\n9. Wahlen<br \/>\n10. Verschiedenes\/Anregungen<\/p>\n<p>Ein wichtiger Punkt ist auch weiterhin unsere Satzungs\u00e4nderung. Alle Infos dazu findet ihr in unserem Beitrag vom<a href=\"http:\/\/kbv-nordstern-ostbense.de\/?p=315\"> letzten Jahr.<\/a><\/p>\n<p>Hier k\u00f6nnt ich nochmal die neue Satzung lesen:<br \/>\n<a href=\"http:\/\/kbv-nordstern-ostbense.de\/wp-content\/uploads\/2021\/09\/Satzung-aktuell-KBV-2.8.21.pdf\">Satzung aktuell KBV 2.8.21<\/a><\/p>\n<p>Wir bitten um Anmeldung bei den jeweiligen Mannschaftsf\u00fchrern und freuen uns \u00fcber eine rege Beteiligung!<\/p>\n","protected":false},"excerpt":{"rendered":"<p>Liebe Vereinsmitglieder, im letzten Jahr konnten wir aus bekannten Gr\u00fcnden keine Versammlung durchf\u00fchren. In diesem Jahr sieht es inzwischen wieder etwas besser aus. Geplant ist die Versammlung f\u00fcr den 17.09.2021. Tagesordnung hat sich zur Versammlung vom letzten Jahr nicht ver\u00e4ndert! 1. Er\u00f6ffnung und Begr\u00fc\u00dfung 2. Feststellung der Stimmberechtigten 3. Verlesen und Genehmigung des letztj\u00e4hrigen Protokolls &hellip; <\/p>\n<p class=\"link-more\"><a href=\"http:\/\/kbv-nordstern-ostbense.de\/?p=369\" class=\"more-link\"><span class=\"screen-reader-text\">\u201eJahreshaupversammlung am 17.09.2021 ab 19.30 Uhr\u201c <\/span>weiterlesen<\/a><\/p>\n","protected":false},"author":2,"featured_media":0,"comment_status":"closed","ping_status":"open","sticky":false,"template":"","format":"standard","meta":{"footnotes":""},"categories":[1],"tags":[],"class_list":["post-369","post","type-post","status-publish","format-standard","hentry","category-ergebnisdienst-des-kv8-esens"],"_links":{"self":[{"href":"http:\/\/kbv-nordstern-ostbense.de\/index.php?rest_route=\/wp\/v2\/posts\/369","targetHints":{"allow":["GET"]}}],"collection":[{"href":"http:\/\/kbv-nordstern-ostbense.de\/index.php?rest_route=\/wp\/v2\/posts"}],"about":[{"href":"http:\/\/kbv-nordstern-ostbense.de\/index.php?rest_route=\/wp\/v2\/types\/post"}],"author":[{"embeddable":true,"href":"http:\/\/kbv-nordstern-ostbense.de\/index.php?rest_route=\/wp\/v2\/users\/2"}],"replies":[{"embeddable":true,"href":"http:\/\/kbv-nordstern-ostbense.de\/index.php?rest_route=%2Fwp%2Fv2%2Fcomments&post=369"}],"version-history":[{"count":2,"href":"http:\/\/kbv-nordstern-ostbense.de\/index.php?rest_route=\/wp\/v2\/posts\/369\/revisions"}],"predecessor-version":[{"id":372,"href":"http:\/\/kbv-nordstern-ostbense.de\/index.php?rest_route=\/wp\/v2\/posts\/369\/revisions\/372"}],"wp:attachment":[{"href":"http:\/\/kbv-nordstern-ostbense.de\/index.php?rest_route=%2Fwp%2Fv2%2Fmedia&parent=369"}],"wp:term":[{"taxonomy":"category","embeddable":true,"href":"http:\/\/kbv-nordstern-ostbense.de\/index.php?rest_route=%2Fwp%2Fv2%2Fcategories&post=369"},{"taxonomy":"post_tag","embeddable":true,"href":"http:\/\/kbv-nordstern-ostbense.de\/index.php?rest_route=%2Fwp%2Fv2%2Ftags&post=369"}],"curies":[{"name":"wp","href":"https:\/\/api.w.org\/{rel}","templated":true}]}}