{"id":404,"date":"2022-08-11T09:00:09","date_gmt":"2022-08-11T09:00:09","guid":{"rendered":"http:\/\/kbv-nordstern-ostbense.de\/?p=404"},"modified":"2022-08-11T09:03:44","modified_gmt":"2022-08-11T09:03:44","slug":"fahrradtour-war-voller-erfolg","status":"publish","type":"post","link":"http:\/\/kbv-nordstern-ostbense.de\/?p=404","title":{"rendered":"Fahrradtour war voller Erfolg"},"content":{"rendered":"<p>Am vergangenen Samstag stand endlich wieder die gemeinsame Radtour an.<\/p>\n<p>Bei bestem Wetter ging es mit 27 Teilnehmern von Hartward aus durch Marz in Richtung Werdum nach Nordwerdum und zwischendurch nach Altharlingersiel. Dort wurde im Sieltiefpark eine Pause eingelegt.<\/p>\n<p>Anschlie\u00dfend folgte die Zielgerade zum Stra\u00dfenfest nach Carolinensiel.<br \/>\nDort hatten alle drei Stunden zur freien Verf\u00fcgung.<\/p>\n<p>Gegen 15 Uhr ging es wieder in Richtung Vereinheim. Am Deich entlang wurde noch kurz der Sieler Markt in Neuharlingersiel angesteuert bevor dann um 18 Uhr der Grill am Vereinsheim angeschmissen wurde. Beim grillen waren knapp 50 Mitglieder und Freunde anwesend.<\/p>\n<p>Hier auch vielen Dank an die, die schon fr\u00fchzeitig den Grill eingeheizt haben!<\/p>\n<p>Es war ein rundherum gelungener Tag.<\/p>\n<p>Vielen Dank f\u00fcr die Organisation an den Festausschuss und vorallem an Marion Emken!\u00a0 \ud83d\ude42<\/p>\n<div id='gallery-1' class='gallery galleryid-404 gallery-columns-3 gallery-size-thumbnail'><figure class='gallery-item'>\n\t\t\t<div class='gallery-icon portrait'>\n\t\t\t\t<a href='http:\/\/kbv-nordstern-ostbense.de\/?attachment_id=406'><img loading=\"lazy\" decoding=\"async\" width=\"150\" height=\"150\" src=\"http:\/\/kbv-nordstern-ostbense.de\/wp-content\/uploads\/2022\/08\/20D7D640-A580-499D-8D95-46828E551DE5-150x150.jpeg\" class=\"attachment-thumbnail size-thumbnail\" alt=\"\" srcset=\"http:\/\/kbv-nordstern-ostbense.de\/wp-content\/uploads\/2022\/08\/20D7D640-A580-499D-8D95-46828E551DE5-150x150.jpeg 150w, http:\/\/kbv-nordstern-ostbense.de\/wp-content\/uploads\/2022\/08\/20D7D640-A580-499D-8D95-46828E551DE5-100x100.jpeg 100w\" sizes=\"auto, 100vw\" \/><\/a>\n\t\t\t<\/div><\/figure><figure class='gallery-item'>\n\t\t\t<div class='gallery-icon portrait'>\n\t\t\t\t<a href='http:\/\/kbv-nordstern-ostbense.de\/?attachment_id=407'><img loading=\"lazy\" decoding=\"async\" width=\"150\" height=\"150\" src=\"http:\/\/kbv-nordstern-ostbense.de\/wp-content\/uploads\/2022\/08\/504BE681-2524-4700-86F1-1D2FF6E5A396-150x150.jpeg\" class=\"attachment-thumbnail size-thumbnail\" alt=\"\" srcset=\"http:\/\/kbv-nordstern-ostbense.de\/wp-content\/uploads\/2022\/08\/504BE681-2524-4700-86F1-1D2FF6E5A396-150x150.jpeg 150w, http:\/\/kbv-nordstern-ostbense.de\/wp-content\/uploads\/2022\/08\/504BE681-2524-4700-86F1-1D2FF6E5A396-100x100.jpeg 100w\" sizes=\"auto, 100vw\" \/><\/a>\n\t\t\t<\/div><\/figure><figure class='gallery-item'>\n\t\t\t<div class='gallery-icon landscape'>\n\t\t\t\t<a href='http:\/\/kbv-nordstern-ostbense.de\/?attachment_id=408'><img loading=\"lazy\" decoding=\"async\" width=\"150\" height=\"150\" src=\"http:\/\/kbv-nordstern-ostbense.de\/wp-content\/uploads\/2022\/08\/A7797B1B-352B-4B51-BDCB-8F8294409360-150x150.jpeg\" class=\"attachment-thumbnail size-thumbnail\" alt=\"\" srcset=\"http:\/\/kbv-nordstern-ostbense.de\/wp-content\/uploads\/2022\/08\/A7797B1B-352B-4B51-BDCB-8F8294409360-150x150.jpeg 150w, http:\/\/kbv-nordstern-ostbense.de\/wp-content\/uploads\/2022\/08\/A7797B1B-352B-4B51-BDCB-8F8294409360-100x100.jpeg 100w\" sizes=\"auto, 100vw\" \/><\/a>\n\t\t\t<\/div><\/figure>\n\t\t<\/div>\n\n","protected":false},"excerpt":{"rendered":"<p>Am vergangenen Samstag stand endlich wieder die gemeinsame Radtour an. Bei bestem Wetter ging es mit 27 Teilnehmern von Hartward aus durch Marz in Richtung Werdum nach Nordwerdum und zwischendurch nach Altharlingersiel. Dort wurde im Sieltiefpark eine Pause eingelegt. Anschlie\u00dfend folgte die Zielgerade zum Stra\u00dfenfest nach Carolinensiel. Dort hatten alle drei Stunden zur freien Verf\u00fcgung. &hellip; <\/p>\n<p class=\"link-more\"><a href=\"http:\/\/kbv-nordstern-ostbense.de\/?p=404\" class=\"more-link\"><span class=\"screen-reader-text\">\u201eFahrradtour war voller Erfolg\u201c <\/span>weiterlesen<\/a><\/p>\n","protected":false},"author":2,"featured_media":405,"comment_status":"closed","ping_status":"open","sticky":false,"template":"","format":"standard","meta":{"footnotes":""},"categories":[5],"tags":[],"class_list":["post-404","post","type-post","status-publish","format-standard","has-post-thumbnail","hentry","category-aktuelles"],"_links":{"self":[{"href":"http:\/\/kbv-nordstern-ostbense.de\/index.php?rest_route=\/wp\/v2\/posts\/404","targetHints":{"allow":["GET"]}}],"collection":[{"href":"http:\/\/kbv-nordstern-ostbense.de\/index.php?rest_route=\/wp\/v2\/posts"}],"about":[{"href":"http:\/\/kbv-nordstern-ostbense.de\/index.php?rest_route=\/wp\/v2\/types\/post"}],"author":[{"embeddable":true,"href":"http:\/\/kbv-nordstern-ostbense.de\/index.php?rest_route=\/wp\/v2\/users\/2"}],"replies":[{"embeddable":true,"href":"http:\/\/kbv-nordstern-ostbense.de\/index.php?rest_route=%2Fwp%2Fv2%2Fcomments&post=404"}],"version-history":[{"count":3,"href":"http:\/\/kbv-nordstern-ostbense.de\/index.php?rest_route=\/wp\/v2\/posts\/404\/revisions"}],"predecessor-version":[{"id":412,"href":"http:\/\/kbv-nordstern-ostbense.de\/index.php?rest_route=\/wp\/v2\/posts\/404\/revisions\/412"}],"wp:featuredmedia":[{"embeddable":true,"href":"http:\/\/kbv-nordstern-ostbense.de\/index.php?rest_route=\/wp\/v2\/media\/405"}],"wp:attachment":[{"href":"http:\/\/kbv-nordstern-ostbense.de\/index.php?rest_route=%2Fwp%2Fv2%2Fmedia&parent=404"}],"wp:term":[{"taxonomy":"category","embeddable":true,"href":"http:\/\/kbv-nordstern-ostbense.de\/index.php?rest_route=%2Fwp%2Fv2%2Fcategories&post=404"},{"taxonomy":"post_tag","embeddable":true,"href":"http:\/\/kbv-nordstern-ostbense.de\/index.php?rest_route=%2Fwp%2Fv2%2Ftags&post=404"}],"curies":[{"name":"wp","href":"https:\/\/api.w.org\/{rel}","templated":true}]}}