{"id":472,"date":"2024-04-19T19:08:27","date_gmt":"2024-04-19T19:08:27","guid":{"rendered":"http:\/\/kbv-nordstern-ostbense.de\/?p=472"},"modified":"2024-04-27T19:08:57","modified_gmt":"2024-04-27T19:08:57","slug":"einladung-zur-jahreshauptversammlung-2024","status":"publish","type":"post","link":"http:\/\/kbv-nordstern-ostbense.de\/?p=472","title":{"rendered":"Einladung zur Jahreshauptversammlung 2024"},"content":{"rendered":"<p class=\"s13\"><span class=\"s12\"><span class=\"bumpedFont15\">Hiermit laden wir ein zur <\/span><\/span><\/p>\n<p class=\"s15\" style=\"text-align: center;\"><strong><span class=\"s14\"><span class=\"bumpedFont15\">Jahreshauptversammlung <\/span><\/span><\/strong><\/p>\n<p class=\"s17\" style=\"text-align: center;\"><strong><span class=\"s14\"><span class=\"bumpedFont15\">am Freitag, <\/span><\/span><span class=\"s16\"><span class=\"bumpedFont15\">03<\/span><\/span><span class=\"s14\"><span class=\"bumpedFont15\">. <\/span><\/span><span class=\"s16\"><span class=\"bumpedFont15\">Mai<\/span><\/span><span class=\"s14\"><span class=\"bumpedFont15\"> 202<\/span><\/span><span class=\"s16\"><span class=\"bumpedFont15\">4<\/span><\/span><span class=\"s14\"><span class=\"bumpedFont15\"> ab 19.30 Uhr <\/span><\/span><\/strong><\/p>\n<p class=\"s20\" style=\"text-align: center;\"><strong><span class=\"s18\"><span class=\"bumpedFont15\">im Vereinsheim <\/span><\/span><\/strong><\/p>\n<p class=\"s22\"><strong><span class=\"s21\"><span class=\"bumpedFont15\">Tagesordnung<\/span><\/span><\/strong><\/p>\n<div class=\"s24\"><span class=\"s23\">1. <\/span><span class=\"s18\"><span class=\"bumpedFont15\">Er\u00f6ffnung und Begr\u00fc\u00dfung <\/span><\/span><\/div>\n<div class=\"s24\"><span class=\"s23\">2. <\/span><span class=\"s18\"><span class=\"bumpedFont15\">Feststellung der Stimmberechtigten <\/span><\/span><\/div>\n<div class=\"s24\"><span class=\"s23\">3. <\/span><span class=\"s18\"><span class=\"bumpedFont15\">Verlesen und Genehmigung des letztj\u00e4hrigen Protokolls <\/span><\/span><\/div>\n<div class=\"s24\"><span class=\"s23\">4. <\/span><span class=\"s18\"><span class=\"bumpedFont15\">Rechenschaftsberichte <\/span><\/span><\/div>\n<div class=\"s25\"><span class=\"s23\">a) <\/span><span class=\"s18\"><span class=\"bumpedFont15\">Jahresbericht des Vereinsvorsitzenden <\/span><\/span><\/div>\n<div class=\"s25\"><span class=\"s23\">b) <\/span><span class=\"s18\"><span class=\"bumpedFont15\">Bericht vom <\/span><\/span><span class=\"s18\"><span class=\"bumpedFont15\">Bo\u00dfelobmann<\/span><\/span><\/div>\n<div class=\"s25\"><span class=\"s23\">c) <\/span><span class=\"s18\"><span class=\"bumpedFont15\">Bericht der Damenwartin <\/span><\/span><\/div>\n<div class=\"s24\"><span class=\"s23\">5. <\/span><span class=\"s18\"><span class=\"bumpedFont15\">Kassenbericht <\/span><\/span><\/div>\n<div class=\"s24\"><span class=\"s23\">6. <\/span><span class=\"s18\"><span class=\"bumpedFont15\">Bericht der Kassenpr\u00fcfer <\/span><\/span><\/div>\n<div class=\"s24\"><span class=\"s23\">7. <\/span><span class=\"s18\"><span class=\"bumpedFont15\">Entlastung des Vorstandes <\/span><\/span><\/div>\n<div class=\"s24\"><span class=\"s23\">8. <\/span><span class=\"s12\"><span class=\"bumpedFont15\">Wahlen<\/span><\/span><\/div>\n<div class=\"s26\"><span class=\"s23\">9. <\/span><span class=\"s18\"><span class=\"bumpedFont15\">Verschiedenes<\/span><\/span><span class=\"s12\"><span class=\"bumpedFont15\">\/ Anregungen<\/span><\/span><\/div>\n<div><\/div>\n<p class=\"s28\"><span class=\"s18\"><span class=\"bumpedFont15\">\u00dcber die Teilnahme vieler Vereinsmitglieder w\u00fcrden wir uns freuen.<\/span><\/span><\/p>\n<p class=\"s29\"><span class=\"s18\"><span class=\"bumpedFont15\">Euer Vorstand<\/span><\/span><\/p>\n","protected":false},"excerpt":{"rendered":"<p>Hiermit laden wir ein zur Jahreshauptversammlung am Freitag, 03. Mai 2024 ab 19.30 Uhr im Vereinsheim Tagesordnung 1. Er\u00f6ffnung und Begr\u00fc\u00dfung 2. Feststellung der Stimmberechtigten 3. Verlesen und Genehmigung des letztj\u00e4hrigen Protokolls 4. Rechenschaftsberichte a) Jahresbericht des Vereinsvorsitzenden b) Bericht vom Bo\u00dfelobmann c) Bericht der Damenwartin 5. Kassenbericht 6. Bericht der Kassenpr\u00fcfer 7. Entlastung des &hellip; <\/p>\n<p class=\"link-more\"><a href=\"http:\/\/kbv-nordstern-ostbense.de\/?p=472\" class=\"more-link\"><span class=\"screen-reader-text\">\u201eEinladung zur Jahreshauptversammlung 2024\u201c <\/span>weiterlesen<\/a><\/p>\n","protected":false},"author":2,"featured_media":0,"comment_status":"closed","ping_status":"open","sticky":false,"template":"","format":"standard","meta":{"footnotes":""},"categories":[1],"tags":[],"class_list":["post-472","post","type-post","status-publish","format-standard","hentry","category-ergebnisdienst-des-kv8-esens"],"_links":{"self":[{"href":"http:\/\/kbv-nordstern-ostbense.de\/index.php?rest_route=\/wp\/v2\/posts\/472","targetHints":{"allow":["GET"]}}],"collection":[{"href":"http:\/\/kbv-nordstern-ostbense.de\/index.php?rest_route=\/wp\/v2\/posts"}],"about":[{"href":"http:\/\/kbv-nordstern-ostbense.de\/index.php?rest_route=\/wp\/v2\/types\/post"}],"author":[{"embeddable":true,"href":"http:\/\/kbv-nordstern-ostbense.de\/index.php?rest_route=\/wp\/v2\/users\/2"}],"replies":[{"embeddable":true,"href":"http:\/\/kbv-nordstern-ostbense.de\/index.php?rest_route=%2Fwp%2Fv2%2Fcomments&post=472"}],"version-history":[{"count":2,"href":"http:\/\/kbv-nordstern-ostbense.de\/index.php?rest_route=\/wp\/v2\/posts\/472\/revisions"}],"predecessor-version":[{"id":475,"href":"http:\/\/kbv-nordstern-ostbense.de\/index.php?rest_route=\/wp\/v2\/posts\/472\/revisions\/475"}],"wp:attachment":[{"href":"http:\/\/kbv-nordstern-ostbense.de\/index.php?rest_route=%2Fwp%2Fv2%2Fmedia&parent=472"}],"wp:term":[{"taxonomy":"category","embeddable":true,"href":"http:\/\/kbv-nordstern-ostbense.de\/index.php?rest_route=%2Fwp%2Fv2%2Fcategories&post=472"},{"taxonomy":"post_tag","embeddable":true,"href":"http:\/\/kbv-nordstern-ostbense.de\/index.php?rest_route=%2Fwp%2Fv2%2Ftags&post=472"}],"curies":[{"name":"wp","href":"https:\/\/api.w.org\/{rel}","templated":true}]}}