{"id":514,"date":"2026-03-15T13:24:14","date_gmt":"2026-03-15T13:24:14","guid":{"rendered":"http:\/\/kbv-nordstern-ostbense.de\/?p=514"},"modified":"2026-03-15T13:24:14","modified_gmt":"2026-03-15T13:24:14","slug":"ehrenamtwuerdigung-durch-die-gemeinde-neuharlingersiel","status":"publish","type":"post","link":"http:\/\/kbv-nordstern-ostbense.de\/?p=514","title":{"rendered":"Ehrenamtw\u00fcrdigung durch die Gemeinde Neuharlingersiel"},"content":{"rendered":"<p><img loading=\"lazy\" decoding=\"async\" class=\"alignnone size-large wp-image-513\" src=\"http:\/\/kbv-nordstern-ostbense.de\/wp-content\/uploads\/2026\/03\/40aba0a7-2f86-4316-8992-99a676ef98ea-1024x768.jpg\" alt=\"\" width=\"525\" height=\"394\" srcset=\"http:\/\/kbv-nordstern-ostbense.de\/wp-content\/uploads\/2026\/03\/40aba0a7-2f86-4316-8992-99a676ef98ea-1024x768.jpg 1024w, http:\/\/kbv-nordstern-ostbense.de\/wp-content\/uploads\/2026\/03\/40aba0a7-2f86-4316-8992-99a676ef98ea-300x225.jpg 300w, http:\/\/kbv-nordstern-ostbense.de\/wp-content\/uploads\/2026\/03\/40aba0a7-2f86-4316-8992-99a676ef98ea-768x576.jpg 768w, http:\/\/kbv-nordstern-ostbense.de\/wp-content\/uploads\/2026\/03\/40aba0a7-2f86-4316-8992-99a676ef98ea-1536x1152.jpg 1536w, http:\/\/kbv-nordstern-ostbense.de\/wp-content\/uploads\/2026\/03\/40aba0a7-2f86-4316-8992-99a676ef98ea.jpg 1920w\" sizes=\"auto, (max-width: 525px) 100vw, 525px\" \/><\/p>\n<p>Am Donnerstag, den 12. M\u00e4rz 2026, fand im Kursaal in Neuharlingersiel erstmals eine Veranstaltung zur Ehrung des Ehrenamtes f\u00fcr Vereine und Gruppen in der Gemeinde Neuharlingersiel statt. Der Gemeinderat hatte diese Idee aufgegriffen, um die Bedeutung des Ehrenamtes f\u00fcr die Allgemeinheit st\u00e4rker hervorzuheben. Auf Einladung der Gemeinde waren zahlreiche Vorsitzende sowie die zu Ehrenden im Kursaal zusammengekommen.<\/p>\n<p>F\u00fcr den KBV Nordstern e.V. Ostbense wurden Marion Emken und Stefan Krey f\u00fcr ihr Engagement im Festausschuss sowie f\u00fcr ihren Einsatz im Verein vorgeschlagen. Im Rahmen der feierlichen Ehrung wurde ihr Engagement noch einmal kurz gew\u00fcrdigt. Leider fasste der B\u00fcrgermeister die Ehrung der drei Bo\u00dfelvereine \u2013 Ostbense, Neuharlingersiel und Altharlingersiel \u2013 zusammen, sodass die pers\u00f6nliche Ansprache etwas zu kurz kam.<\/p>\n<p>Marion und Stefan erhielten als Geschenk eine Mini-Skulptur der \u201eFischer am Hafen\u201c von Neuharlingersiel. Zus\u00e4tzlich wurden im Rahmen einer Verlosung noch individuelle Preise vergeben.<\/p>\n<p>Wir danken Marion und Stefan f\u00fcr ihr herausragendes Engagement und gratulieren herzlich zu dieser Auszeichnung, die zugleich eine besondere Wertsch\u00e4tzung ihres Einsatzes darstellt.<\/p>\n","protected":false},"excerpt":{"rendered":"<p>Am Donnerstag, den 12. M\u00e4rz 2026, fand im Kursaal in Neuharlingersiel erstmals eine Veranstaltung zur Ehrung des Ehrenamtes f\u00fcr Vereine und Gruppen in der Gemeinde Neuharlingersiel statt. Der Gemeinderat hatte diese Idee aufgegriffen, um die Bedeutung des Ehrenamtes f\u00fcr die Allgemeinheit st\u00e4rker hervorzuheben. Auf Einladung der Gemeinde waren zahlreiche Vorsitzende sowie die zu Ehrenden im &hellip; <\/p>\n<p class=\"link-more\"><a href=\"http:\/\/kbv-nordstern-ostbense.de\/?p=514\" class=\"more-link\"><span class=\"screen-reader-text\">\u201eEhrenamtw\u00fcrdigung durch die Gemeinde Neuharlingersiel\u201c <\/span>weiterlesen<\/a><\/p>\n","protected":false},"author":1,"featured_media":0,"comment_status":"closed","ping_status":"open","sticky":false,"template":"","format":"standard","meta":{"footnotes":""},"categories":[1],"tags":[],"class_list":["post-514","post","type-post","status-publish","format-standard","hentry","category-ergebnisdienst-des-kv8-esens"],"_links":{"self":[{"href":"http:\/\/kbv-nordstern-ostbense.de\/index.php?rest_route=\/wp\/v2\/posts\/514","targetHints":{"allow":["GET"]}}],"collection":[{"href":"http:\/\/kbv-nordstern-ostbense.de\/index.php?rest_route=\/wp\/v2\/posts"}],"about":[{"href":"http:\/\/kbv-nordstern-ostbense.de\/index.php?rest_route=\/wp\/v2\/types\/post"}],"author":[{"embeddable":true,"href":"http:\/\/kbv-nordstern-ostbense.de\/index.php?rest_route=\/wp\/v2\/users\/1"}],"replies":[{"embeddable":true,"href":"http:\/\/kbv-nordstern-ostbense.de\/index.php?rest_route=%2Fwp%2Fv2%2Fcomments&post=514"}],"version-history":[{"count":1,"href":"http:\/\/kbv-nordstern-ostbense.de\/index.php?rest_route=\/wp\/v2\/posts\/514\/revisions"}],"predecessor-version":[{"id":515,"href":"http:\/\/kbv-nordstern-ostbense.de\/index.php?rest_route=\/wp\/v2\/posts\/514\/revisions\/515"}],"wp:attachment":[{"href":"http:\/\/kbv-nordstern-ostbense.de\/index.php?rest_route=%2Fwp%2Fv2%2Fmedia&parent=514"}],"wp:term":[{"taxonomy":"category","embeddable":true,"href":"http:\/\/kbv-nordstern-ostbense.de\/index.php?rest_route=%2Fwp%2Fv2%2Fcategories&post=514"},{"taxonomy":"post_tag","embeddable":true,"href":"http:\/\/kbv-nordstern-ostbense.de\/index.php?rest_route=%2Fwp%2Fv2%2Ftags&post=514"}],"curies":[{"name":"wp","href":"https:\/\/api.w.org\/{rel}","templated":true}]}}